{"id":1323,"date":"2020-11-17T11:21:30","date_gmt":"2020-11-17T10:21:30","guid":{"rendered":"http:\/\/ecobornefrance.com\/?p=1323"},"modified":"2022-01-21T12:06:54","modified_gmt":"2022-01-21T11:06:54","slug":"conduire-une-voiture-electrique-mais-sans-permis-cest-possible-grace-a-la-nouvelle-citroen-ami","status":"publish","type":"post","link":"https:\/\/ecobornefrance.com\/index.php\/2020\/11\/17\/conduire-une-voiture-electrique-mais-sans-permis-cest-possible-grace-a-la-nouvelle-citroen-ami\/","title":{"rendered":"Conduire une voiture \u00e9lectrique mais sans permis ? C&rsquo;est possible gr\u00e2ce \u00e0 la nouvelle Citro\u00ebn Ami !"},"content":{"rendered":"<p>[vc_row][vc_column][vc_column_text]<\/p>\n<h3><span style=\"color: #8cc044;\"><strong>L&rsquo;opportunit\u00e9 de pouvoir conduire de fa\u00e7on responsable et \u00e9cologique est ouverte \u00e0 tous, avec ou sans permis !<\/strong><\/span><\/h3>\n<p>Le Groupe PSA s&rsquo;est lanc\u00e9 dans l&rsquo;aventure de l&rsquo;\u00e9lectrique sans permis depuis maintenant presque un an en proposant un tout nouveau mod\u00e8le : <strong>la Citro\u00ebn Ami en mars 2020 dernier<\/strong>. Ultra accessible, cette mini voiture arbore une carrosserie ultra compacte pour une conduire en toute simplicit\u00e9. Malgr\u00e9 sa motorisation \u00e9lectrique, elle est <strong>disponible \u00e0 la vente \u00e0 partir de 6000\u20ac<\/strong> apr\u00e8s d\u00e9duction de l&rsquo;aide de l&rsquo;\u00c9tat de 900\u20ac environ. En comparaison \u00e0 d&rsquo;autres mod\u00e8les compactes comme la derni\u00e8re Renault Twingo qui d\u00e9marre \u00e0 9490\u20ac, la Citro\u00ebn Ami se place comme v\u00e9hicule de choix pour toutes les personnes sans permis \u00e0 petit budget.<\/p>\n<p>&nbsp;<\/p>\n<h3><span style=\"color: #4399d5;\">Limit\u00e9e \u00e0 45km\/h et quasi d\u00e9pouill\u00e9e !<\/span><\/h3>\n<p><a href=\"https:\/\/www.citroen.fr\/ami\">Cito\u00ebn Ami<\/a>, cette citadine miniature de 2,41 m de long, est fabriqu\u00e9e par Citro\u00ebn au Maroc et est 29 cm plus courte que la Smart Fortwo. Il s&rsquo;agit en fait d&rsquo;un quatre-roues et peut rouler <strong>sans permis d\u00e8s l&rsquo;\u00e2ge de 14 ans.<\/strong> Selon la r\u00e9glementation, sa vitesse maximale sera donc limit\u00e9e \u00e0 45 km \/ h, et il faut accepter l&rsquo;absence d&rsquo;ABS, d&rsquo;airbags ou de climatisation. La <strong>puissance du moteur est inf\u00e9rieure \u00e0 8 ch<\/strong> et la capacit\u00e9 de la batterie est de 5,5 kWh, ce qui est suffisant pour r\u00e9pondre \u00e0 l&rsquo;exigence d&rsquo;autonomie de 70 km. En contrepartie, le temps de charge doit \u00eatre limit\u00e9, 3 heures dans une simple prise domestique.<\/p>\n<p>&nbsp;<\/p>\n<h3 id=\"hl_carrosserie-asymetrique\"><span style=\"color: #4399d5;\">Carrosserie asym\u00e9trique<\/span><\/h3>\n<p>\u00c0 l&rsquo;instar du concept-car Ami One de 2019, la carrosserie de cette Citroen Ami est \u00e9galement tr\u00e8s asym\u00e9trique, avec ses portes ouvertes dans le sens oppos\u00e9, ou encore avec les deux si\u00e8ges l\u00e9g\u00e8rement d\u00e9cal\u00e9s pour compenser la largeur de seulement 1,39 m sans r\u00e9troviseurs. Mais son apparence reste toujours tr\u00e8s harmonieuse.<\/p>\n<p>Ce qui la rend singuli\u00e8re, c&rsquo;est davantage son mode de distribution et diffusion.\u00a0<strong>Non contente d&rsquo;\u00eatre distribu\u00e9e dans certaines concessions, elle sera en effet visible dans les r\u00e9seaux Fnac\/Darty et pourra m\u00eame \u00eatre command\u00e9e en ligne, avec livraison \u00e0 domicile ou en point de retrait depuis le mois de juin.<\/strong> Les commandes en France sont ouvertes depuis le 30 mars dernier alors \u00e0 votre tour !<\/p>\n<p>&nbsp;<\/p>\n<p>&nbsp;<\/p>\n<p>[\/vc_column_text][\/vc_column][\/vc_row][vc_row][vc_column]<style type=\"text\/css\" data-type=\"the7_shortcodes-inline-css\">#default-btn-8ef1b3ba6cefc9d002b76b68474a7aba.ico-right-side > i {\n  margin-right: 0px;\n  margin-left: 8px;\n}\n#default-btn-8ef1b3ba6cefc9d002b76b68474a7aba > i {\n  margin-right: 8px;\n}\n#default-btn-8ef1b3ba6cefc9d002b76b68474a7aba * {\n  vertical-align: middle;\n}\n<\/style><div class=\"btn-align-center\"><a href=\"http:\/\/ecobornefrance.com\/index.php\/contact\/\" class=\"default-btn-shortcode dt-btn dt-btn-m link-hover-off \" target=\"_blank\" id=\"default-btn-8ef1b3ba6cefc9d002b76b68474a7aba\" rel=\"noopener\"><span>Contactez-nous<\/span><\/a><\/div>[\/vc_column][\/vc_row]<\/p>\n","protected":false},"excerpt":{"rendered":"<p>Alors que la transition \u00e9cologique des voitures classiques aux voitures \u00e9lectriques s&rsquo;acc\u00e9l\u00e8re, de nombreuses entreprises voient le jour semaine apr\u00e8s semaine dans l&rsquo;installation de bornes de recharge, les services de maintenance pour v\u00e9hicules \u00e9lectriques&#8230;<\/p>\n","protected":false},"author":1,"featured_media":1324,"comment_status":"closed","ping_status":"closed","sticky":false,"template":"","format":"standard","meta":{"spay_email":""},"categories":[16],"tags":[],"jetpack_featured_media_url":"https:\/\/ecobornefrance.com\/wp-content\/uploads\/2020\/11\/citroen-ami-electrique.jpg","_links":{"self":[{"href":"https:\/\/ecobornefrance.com\/index.php\/wp-json\/wp\/v2\/posts\/1323"}],"collection":[{"href":"https:\/\/ecobornefrance.com\/index.php\/wp-json\/wp\/v2\/posts"}],"about":[{"href":"https:\/\/ecobornefrance.com\/index.php\/wp-json\/wp\/v2\/types\/post"}],"author":[{"embeddable":true,"href":"https:\/\/ecobornefrance.com\/index.php\/wp-json\/wp\/v2\/users\/1"}],"replies":[{"embeddable":true,"href":"https:\/\/ecobornefrance.com\/index.php\/wp-json\/wp\/v2\/comments?post=1323"}],"version-history":[{"count":1,"href":"https:\/\/ecobornefrance.com\/index.php\/wp-json\/wp\/v2\/posts\/1323\/revisions"}],"predecessor-version":[{"id":1325,"href":"https:\/\/ecobornefrance.com\/index.php\/wp-json\/wp\/v2\/posts\/1323\/revisions\/1325"}],"wp:featuredmedia":[{"embeddable":true,"href":"https:\/\/ecobornefrance.com\/index.php\/wp-json\/wp\/v2\/media\/1324"}],"wp:attachment":[{"href":"https:\/\/ecobornefrance.com\/index.php\/wp-json\/wp\/v2\/media?parent=1323"}],"wp:term":[{"taxonomy":"category","embeddable":true,"href":"https:\/\/ecobornefrance.com\/index.php\/wp-json\/wp\/v2\/categories?post=1323"},{"taxonomy":"post_tag","embeddable":true,"href":"https:\/\/ecobornefrance.com\/index.php\/wp-json\/wp\/v2\/tags?post=1323"}],"curies":[{"name":"wp","href":"https:\/\/api.w.org\/{rel}","templated":true}]}}